{"id":332,"date":"2019-05-27T11:41:14","date_gmt":"2019-05-27T11:41:14","guid":{"rendered":"http:\/\/gruenpohl.de\/?p=332"},"modified":"2019-10-17T14:40:40","modified_gmt":"2019-10-17T14:40:40","slug":"meine-ausbildung-zur-fachberaterin-fuer-holistische-gesundheit","status":"publish","type":"post","link":"http:\/\/gruenpohl.de\/?p=332","title":{"rendered":"Meine Ausbildung zur Fachberaterin f\u00fcr holistische Gesundheit"},"content":{"rendered":"<p>Meine Ausbildung habe ich bei der Akademie der Naturheilkunde absolviert. Die Ausbildung habe ich insgesamt \u00fcber einen Zeitraum von ca. 2 Jahren abgewickelt. Hier musste ich zum Ende meiner Ausbildung eine schriftliche, sowie auch eine m\u00fcndliche Pr\u00fcfung ablegen.&nbsp;Die Berufsbezeichnung &#8222;Fachberater\/in f\u00fcr holistische Gesundheit&#8220; ist dabei gesch\u00fctzt und beschreibt einen ganzheitlichen Ansatz, sowie den gesundheitlichen Schwerpunkt dieser Ern\u00e4hrungsberatung.<\/p>\n<p>Ich habe gelernt wie der K\u00f6rper als Einheit funktioniert und wie die einzelnen Organe in ihrer Funktionsweise zusammen spielen. Dar\u00fcber hinaus habe ich gelernt welchen wichtigen Einfluss dabei unsere Ern\u00e4hrungs- und Lebensweise hat und vorallem wie und an welchen Stellen es manchmal zu Schwierigkeiten kommen kann.<\/p>\n<p>Seit meiner Ausbildung bin ich in der Lage Menschen mit folgenden gesundheitlichen Problemen entsprechend ihrer Ern\u00e4hrungsweise zu beraten:<\/p>\n<ul>\n<li>Herz-Kreislauf-Erkrankungen<\/li>\n<li>Asthma<\/li>\n<li>Gicht<\/li>\n<li>Rheuma<\/li>\n<li>Nierenprobleme<\/li>\n<li>Magenprobleme<\/li>\n<li>Verdauungsprobleme bzw. Darmerkrankungen<\/li>\n<li>geschw\u00e4chtes Immunsystem<\/li>\n<li>Chronische \u00dcbers\u00e4uerung bzw. Regulation des S\u00e4ure-Basen-Haushaltes<\/li>\n<li>Chronische M\u00fcdigkeit<\/li>\n<li>Nahrungsmittel-Intoleranzen (Lactose, Fructose, Histamin)<\/li>\n<li>Allergien<\/li>\n<li>Pilzerkrankungen<\/li>\n<li>Unreine Haut<\/li>\n<li>\u00dcbergewicht<\/li>\n<li>Migr\u00e4ne<\/li>\n<li>Und vieles mehr&#8230;<\/li>\n<\/ul>\n<p>Ich habe gelernt den Menschen als eine Einheit zu betrachten und die verschiedenen Zusammenh\u00e4nge zu erkennen und zu verstehen. Ich bin in der Lage den Menschen auf seine Lebens- und Ern\u00e4hrungsweise dahingehend so zu analysieren und zu beraten, dass er auf positive Weise Ver\u00e4nderungen wahrnehmen kann und m\u00f6gliche gesundheitliche Probleme reduziert oder geheilt werden.<\/p>\n<p><img loading=\"lazy\" decoding=\"async\" src=\"http:\/\/gruenpohl.de\/wp-content\/uploads\/2019\/05\/img_6412.png\" class=\"size-full wp-image-341\" width=\"264\" height=\"264\" srcset=\"http:\/\/gruenpohl.de\/wp-content\/uploads\/2019\/05\/img_6412.png 264w, http:\/\/gruenpohl.de\/wp-content\/uploads\/2019\/05\/img_6412-150x150.png 150w, http:\/\/gruenpohl.de\/wp-content\/uploads\/2019\/05\/img_6412-144x144.png 144w\" sizes=\"auto, (max-width: 264px) 100vw, 264px\" \/><\/p>\n<p><a href=\"https:\/\/www.akademie-der-naturheilkunde.com\/\">https:\/\/www.akademie-der-naturheilkunde.com\/<\/a><\/p>\n","protected":false},"excerpt":{"rendered":"<p>Meine Ausbildung habe ich bei der Akademie der Naturheilkunde absolviert. Die Ausbildung habe ich insgesamt \u00fcber einen Zeitraum von ca. 2 Jahren abgewickelt. Hier musste ich zum Ende meiner Ausbildung eine schriftliche, sowie auch eine m\u00fcndliche Pr\u00fcfung ablegen.&nbsp;Die Berufsbezeichnung &#8222;Fachberater\/in f\u00fcr holistische Gesundheit&#8220; ist dabei gesch\u00fctzt und beschreibt einen ganzheitlichen Ansatz, sowie den gesundheitlichen Schwerpunkt &hellip;<\/p>\n","protected":false},"author":1,"featured_media":79,"comment_status":"closed","ping_status":"closed","sticky":false,"template":"","format":"standard","meta":{"jetpack_post_was_ever_published":false,"_jetpack_newsletter_access":"","_jetpack_dont_email_post_to_subs":false,"_jetpack_newsletter_tier_id":0,"_jetpack_memberships_contains_paywalled_content":false,"_jetpack_memberships_contains_paid_content":false,"footnotes":"","jetpack_publicize_message":"","jetpack_publicize_feature_enabled":true,"jetpack_social_post_already_shared":true,"jetpack_social_options":{"image_generator_settings":{"template":"highway","default_image_id":0,"font":"","enabled":false},"version":2}},"categories":[1],"tags":[],"class_list":["post-332","post","type-post","status-publish","format-standard","has-post-thumbnail","hentry","category-uncategorized","has-thumb"],"jetpack_publicize_connections":[],"jetpack_featured_media_url":"http:\/\/gruenpohl.de\/wp-content\/uploads\/2019\/03\/joanna-kosinska-340751-unsplash.jpg","jetpack_sharing_enabled":true,"jetpack_shortlink":"https:\/\/wp.me\/paWNN6-5m","_links":{"self":[{"href":"http:\/\/gruenpohl.de\/index.php?rest_route=\/wp\/v2\/posts\/332","targetHints":{"allow":["GET"]}}],"collection":[{"href":"http:\/\/gruenpohl.de\/index.php?rest_route=\/wp\/v2\/posts"}],"about":[{"href":"http:\/\/gruenpohl.de\/index.php?rest_route=\/wp\/v2\/types\/post"}],"author":[{"embeddable":true,"href":"http:\/\/gruenpohl.de\/index.php?rest_route=\/wp\/v2\/users\/1"}],"replies":[{"embeddable":true,"href":"http:\/\/gruenpohl.de\/index.php?rest_route=%2Fwp%2Fv2%2Fcomments&post=332"}],"version-history":[{"count":28,"href":"http:\/\/gruenpohl.de\/index.php?rest_route=\/wp\/v2\/posts\/332\/revisions"}],"predecessor-version":[{"id":437,"href":"http:\/\/gruenpohl.de\/index.php?rest_route=\/wp\/v2\/posts\/332\/revisions\/437"}],"wp:featuredmedia":[{"embeddable":true,"href":"http:\/\/gruenpohl.de\/index.php?rest_route=\/wp\/v2\/media\/79"}],"wp:attachment":[{"href":"http:\/\/gruenpohl.de\/index.php?rest_route=%2Fwp%2Fv2%2Fmedia&parent=332"}],"wp:term":[{"taxonomy":"category","embeddable":true,"href":"http:\/\/gruenpohl.de\/index.php?rest_route=%2Fwp%2Fv2%2Fcategories&post=332"},{"taxonomy":"post_tag","embeddable":true,"href":"http:\/\/gruenpohl.de\/index.php?rest_route=%2Fwp%2Fv2%2Ftags&post=332"}],"curies":[{"name":"wp","href":"https:\/\/api.w.org\/{rel}","templated":true}]}}